{"id":2686,"date":"2026-04-29T09:53:13","date_gmt":"2026-04-29T07:53:13","guid":{"rendered":"https:\/\/grupoinsur.com\/blog\/?post_type=noticias&#038;p=2686"},"modified":"2026-04-29T17:40:57","modified_gmt":"2026-04-29T15:40:57","slug":"como-crear-un-jardin-vertical-en-tu-terraza","status":"publish","type":"noticias","link":"https:\/\/grupoinsur.com\/blog\/noticias\/como-crear-un-jardin-vertical-en-tu-terraza\/","title":{"rendered":"C\u00f3mo crear un jard\u00edn vertical en tu terraza"},"content":{"rendered":"\n<p>Integrar vegetaci\u00f3n en casa no siempre requiere m\u00e1s espacio, sino aprovecharlo mejor. En terrazas, donde cada metro cuenta, el uso de las paredes permite introducir naturaleza sin ocupar superficie \u00fatil.<\/p>\n\n\n\n<p>Crear un jard\u00edn vertical es una forma pr\u00e1ctica de <strong>transformar<\/strong> <strong>el ambiente<\/strong> exterior, <strong>mejorar el confort<\/strong> y aportar una <strong>nueva dimensi\u00f3n est\u00e9tica<\/strong> al espacio.<\/p>\n\n\n\n<p>A lo largo de este art\u00edculo te explicamos c\u00f3mo crear un jard\u00edn vertical en tu terraza, qu\u00e9 aspectos debes tener en cuenta y qu\u00e9 soluciones funcionan mejor seg\u00fan el espacio disponible.<\/p>\n\n\n\n<h2 class=\"wp-block-heading\">Qu\u00e9 es un jard\u00edn vertical y por qu\u00e9 incorporarlo en tu terraza<\/h2>\n\n\n\n<p>Un jard\u00edn vertical es un sistema que permite cultivar plantas en superficies verticales, como paredes o estructuras independientes. Su principal <strong>ventaja<\/strong> es que <strong>optimiza el espacio<\/strong> y facilita la <strong>integraci\u00f3n de vegetaci\u00f3n<\/strong> en entornos urbanos.<\/p>\n\n\n\n<p>En una terraza, este tipo de soluci\u00f3n <strong>permite liberar superficie<\/strong>, <strong>mejorar la privacidad <\/strong>en algunos casos y generar un <strong>entorno m\u00e1s confortable<\/strong>. Adem\u00e1s, la presencia de vegetaci\u00f3n contribuye a <strong>suavizar la temperatura<\/strong> y mejorar la<strong> calidad ambiental <\/strong>del espacio.<\/p>\n\n\n\n<p>En Grupo Insur, muchas de nuestras viviendas cuentan con terrazas concebidas como una prolongaci\u00f3n del hogar que permiten incorporar este tipo de soluciones.<\/p>\n\n\n\n<figure class=\"wp-block-image size-large\"><img fetchpriority=\"high\" decoding=\"async\" width=\"1024\" height=\"512\" src=\"https:\/\/grupoinsur.com\/blog\/wp-content\/uploads\/2026\/04\/shutterstock_2185898321-1024x512.jpg\" alt=\"Terraza con jardin vertical\" class=\"wp-image-2689\" srcset=\"https:\/\/grupoinsur.com\/blog\/wp-content\/uploads\/2026\/04\/shutterstock_2185898321-1024x512.jpg 1024w, https:\/\/grupoinsur.com\/blog\/wp-content\/uploads\/2026\/04\/shutterstock_2185898321-300x150.jpg 300w, https:\/\/grupoinsur.com\/blog\/wp-content\/uploads\/2026\/04\/shutterstock_2185898321-768x384.jpg 768w, https:\/\/grupoinsur.com\/blog\/wp-content\/uploads\/2026\/04\/shutterstock_2185898321.jpg 1080w\" sizes=\"(max-width: 1024px) 100vw, 1024px\" \/><\/figure>\n\n\n\n<h2 class=\"wp-block-heading\">C\u00f3mo elegir la ubicaci\u00f3n adecuada<\/h2>\n\n\n\n<p>Antes de instalar un jard\u00edn vertical, es importante analizar las condiciones de la terraza. La <strong>orientaci\u00f3n, la exposici\u00f3n al sol <\/strong>y la protecci\u00f3n frente al <strong>viento<\/strong> influir\u00e1n directamente en el tipo de plantas que se pueden utilizar.<\/p>\n\n\n\n<p>Una pared con buena iluminaci\u00f3n natural, pero sin exposici\u00f3n directa constante, suele ser la opci\u00f3n m\u00e1s equilibrada. Tambi\u00e9n conviene evitar zonas con corrientes de aire intensas o con dificultades para el riego.<\/p>\n\n\n\n<p>Tener en cuenta estos factores desde el inicio permite asegurar el <strong>buen desarrollo de las plantas<\/strong> y facilitar su <strong>mantenimiento a largo plazo.<\/strong><\/p>\n\n\n\n<h2 class=\"wp-block-heading\">Tipos de jardines verticales para terrazas<\/h2>\n\n\n\n<p>Existen distintas soluciones para crear un jard\u00edn vertical, en funci\u00f3n del espacio, el presupuesto y el nivel de mantenimiento que se quiera asumir.<\/p>\n\n\n\n<h3 class=\"wp-block-heading\">Estructuras modulares<\/h3>\n\n\n\n<p>Son sistemas prefabricados que se instalan directamente en la pared. Permiten organizar las plantas de forma ordenada y facilitan el drenaje y el riego.<\/p>\n\n\n\n<p>Son una opci\u00f3n pr\u00e1ctica y duradera, especialmente recomendada cuando se busca una <strong>soluci\u00f3n estable a largo plazo.<\/strong><\/p>\n\n\n\n<h3 class=\"wp-block-heading\">Jardines verticales con macetas<\/h3>\n\n\n\n<p>Consisten en colocar macetas en soportes verticales, estanter\u00edas o estructuras ligeras. Es una alternativa flexible, f\u00e1cil de instalar y adaptable a distintos estilos.<\/p>\n\n\n\n<p>Permite cambiar las plantas con facilidad y<strong> ajustar<\/strong> la composici\u00f3n <strong>seg\u00fan la temporada.<\/strong><\/p>\n\n\n\n<h3 class=\"wp-block-heading\">Soluciones DIY de jardines verticales<\/h3>\n\n\n\n<p>Tambi\u00e9n es posible crear un jard\u00edn vertical con elementos sencillos como palets, rejillas met\u00e1licas o estructuras de madera. Este tipo de soluciones permiten <strong>personalizar el dise\u00f1o<\/strong> y <strong>adaptarlo al espacio disponible.<\/strong><\/p>\n\n\n\n<p>Sin embargo, requieren prestar atenci\u00f3n al drenaje y a la resistencia de los materiales.<\/p>\n\n\n\n<h2 class=\"wp-block-heading\">Qu\u00e9 plantas elegir para un jard\u00edn vertical<\/h2>\n\n\n\n<p>La elecci\u00f3n de las plantas es clave para asegurar un resultado duradero y f\u00e1cil de mantener.<\/p>\n\n\n\n<p>En terrazas con <strong>buena exposici\u00f3n solar<\/strong> funcionan bien especies como el<strong> romero, la lavanda, el tomillo u otras plantas arom\u00e1ticas.<\/strong> Tambi\u00e9n pueden incorporarse variedades colgantes que aporten movimiento y densidad visual como <strong>la hiedra, el poto o la tradescantia.<\/strong><\/p>\n\n\n\n<p>En zonas con <strong>menor exposici\u00f3n solar<\/strong>, es preferible optar por <strong>especies m\u00e1s resistentes a la sombra<\/strong>, que requieran menos luz directa. Elegir plantas adaptadas al clima y a las condiciones espec\u00edficas de la terraza reduce el mantenimiento y mejora el resultado a medio plazo.<\/p>\n\n\n\n<p>Tambi\u00e9n es habitual plantear la <strong>elecci\u00f3n entre plantas naturales y artificiales<\/strong>. Las plantas naturales aportan beneficios al ambiente, como una mayor sensaci\u00f3n de frescura y una mejor calidad del aire, adem\u00e1s de evolucionar con el tiempo y adaptarse al entorno. Sin embargo, requieren cuidados y mantenimiento.<\/p>\n\n\n\n<p>Por su parte, las soluciones artificiales permiten un resultado visual inmediato y sin mantenimiento, aunque no ofrecen los mismos beneficios ambientales ni la misma percepci\u00f3n de autenticidad.<\/p>\n\n\n\n<p>La elecci\u00f3n <strong>depender\u00e1 del uso<\/strong> que se le quiera dar a la terraza y del <strong>nivel de dedicaci\u00f3n<\/strong> que se desee asumir.<\/p>\n\n\n\n<h2 class=\"wp-block-heading\">Riego y mantenimiento de un jard\u00edn vertical<\/h2>\n\n\n\n<p>Uno de los aspectos m\u00e1s importantes es el sistema de riego. Al tratarse de una disposici\u00f3n vertical, el agua tiende a filtrarse hacia las plantas inferiores, por lo que es necesario <strong>asegurar una distribuci\u00f3n adecuada.<\/strong><\/p>\n\n\n\n<p>En soluciones m\u00e1s sencillas, el <strong>riego manual<\/strong> puede ser suficiente. En instalaciones m\u00e1s completas, puede ser recomendable incorporar <strong>sistemas de riego por goteo<\/strong> que faciliten el mantenimiento.<\/p>\n\n\n\n<p>Adem\u00e1s, conviene revisar peri\u00f3dicamente el estado de las plantas, podar cuando sea necesario y sustituir aquellas que no se adapten correctamente al entorno.<\/p>\n\n\n\n<figure class=\"wp-block-image size-large\"><img decoding=\"async\" width=\"1024\" height=\"683\" src=\"https:\/\/grupoinsur.com\/blog\/wp-content\/uploads\/2026\/04\/watering-hosta-plant-on-a-flowerbed-in-the-evening-2026-03-16-00-45-22-utc-1024x683.jpg\" alt=\"Regar plantas\" class=\"wp-image-2688\" srcset=\"https:\/\/grupoinsur.com\/blog\/wp-content\/uploads\/2026\/04\/watering-hosta-plant-on-a-flowerbed-in-the-evening-2026-03-16-00-45-22-utc-1024x683.jpg 1024w, https:\/\/grupoinsur.com\/blog\/wp-content\/uploads\/2026\/04\/watering-hosta-plant-on-a-flowerbed-in-the-evening-2026-03-16-00-45-22-utc-300x200.jpg 300w, https:\/\/grupoinsur.com\/blog\/wp-content\/uploads\/2026\/04\/watering-hosta-plant-on-a-flowerbed-in-the-evening-2026-03-16-00-45-22-utc-768x512.jpg 768w, https:\/\/grupoinsur.com\/blog\/wp-content\/uploads\/2026\/04\/watering-hosta-plant-on-a-flowerbed-in-the-evening-2026-03-16-00-45-22-utc.jpg 1080w\" sizes=\"(max-width: 1024px) 100vw, 1024px\" \/><\/figure>\n\n\n\n<h2 class=\"wp-block-heading\">Integrar el jard\u00edn vertical en el dise\u00f1o de la terraza<\/h2>\n\n\n\n<p>M\u00e1s all\u00e1 de su funci\u00f3n pr\u00e1ctica, un jard\u00edn vertical tambi\u00e9n forma parte de la est\u00e9tica del espacio. Su dise\u00f1o debe integrarse con el conjunto de la terraza, teniendo en cuenta materiales, colores y distribuci\u00f3n.<\/p>\n\n\n\n<p>Puede utilizarse como <strong>elemento protagonista<\/strong> o <strong>como complemento<\/strong> que acompa\u00f1e otras zonas, como un rinc\u00f3n de descanso o una zona de comedor exterior.<\/p>\n\n\n\n<p>Bien planteado, un <strong>jard\u00edn vertical<\/strong> no solo introduce vegetaci\u00f3n, sino que <strong>transforma la forma de vivir la terraza<\/strong>, haci\u00e9ndola m\u00e1s acogedora y funcional.<\/p>\n\n\n\n<p>En este sentido, peque\u00f1os ajustes como este pueden marcar una diferencia significativa en c\u00f3mo se percibe y se disfruta la vivienda. Si quieres explorar otras formas de sacar m\u00e1s partido a este espacio y adaptarlo a diferentes momentos del d\u00eda, puedes consultar nuestro art\u00edculo <a href=\"https:\/\/grupoinsur.com\/blog\/noticias\/ideas-para-disfrutar-de-tu-terraza-este-verano\/\">ideas para disfrutar de tu terraza este verano<\/a>.<\/p>\n","protected":false},"excerpt":{"rendered":"<p>Crear un jard\u00edn vertical en tu terraza es una forma pr\u00e1ctica de incorporar vegetaci\u00f3n sin ocupar espacio y mejorar el confort del hogar. En este art\u00edculo te explicamos qu\u00e9 aspectos debes tener en cuenta, qu\u00e9 tipos de soluciones existen y qu\u00e9 plantas elegir para adaptar esta propuesta a tu espacio exterior de forma sencilla y funcional.<\/p>\n","protected":false},"featured_media":2687,"template":"","meta":{"galeria_de_imagenes_":[]},"etiquetas-noticias":[],"categorias-noticias":[9],"class_list":["post-2686","noticias","type-noticias","status-publish","has-post-thumbnail","hentry","categorias-noticias-consejos"],"yoast_head":"<!-- This site is optimized with the Yoast SEO plugin v25.9 - https:\/\/yoast.com\/wordpress\/plugins\/seo\/ -->\n<title>C\u00f3mo crear un jard\u00edn vertical en tu terraza - Grupo Insur Blog<\/title>\n<meta name=\"description\" content=\"C\u00f3mo crear un jard\u00edn vertical en tu terraza: qu\u00e9 necesitas, qu\u00e9 plantas elegir y c\u00f3mo integrarlo para aprovechar mejor tu espacio exterior.\" \/>\n<meta name=\"robots\" content=\"index, follow, max-snippet:-1, max-image-preview:large, max-video-preview:-1\" \/>\n<link rel=\"canonical\" href=\"https:\/\/grupoinsur.com\/blog\/noticias\/como-crear-un-jardin-vertical-en-tu-terraza\/\" \/>\n<meta property=\"og:locale\" content=\"es_ES\" \/>\n<meta property=\"og:type\" content=\"article\" \/>\n<meta property=\"og:title\" content=\"C\u00f3mo crear un jard\u00edn vertical en tu terraza - Grupo Insur Blog\" \/>\n<meta property=\"og:description\" content=\"C\u00f3mo crear un jard\u00edn vertical en tu terraza: qu\u00e9 necesitas, qu\u00e9 plantas elegir y c\u00f3mo integrarlo para aprovechar mejor tu espacio exterior.\" \/>\n<meta property=\"og:url\" content=\"https:\/\/grupoinsur.com\/blog\/noticias\/como-crear-un-jardin-vertical-en-tu-terraza\/\" \/>\n<meta property=\"og:site_name\" content=\"Grupo Insur Blog\" \/>\n<meta property=\"article:modified_time\" content=\"2026-04-29T15:40:57+00:00\" \/>\n<meta property=\"og:image\" content=\"https:\/\/grupoinsur.com\/blog\/wp-content\/uploads\/2026\/04\/close-up-view-of-beautiful-green-potted-plants-on-2026-01-06-00-30-32-utc.jpg\" \/>\n\t<meta property=\"og:image:width\" content=\"1080\" \/>\n\t<meta property=\"og:image:height\" content=\"720\" \/>\n\t<meta property=\"og:image:type\" content=\"image\/jpeg\" \/>\n<meta name=\"twitter:card\" content=\"summary_large_image\" \/>\n<meta name=\"twitter:label1\" content=\"Tiempo de lectura\" \/>\n\t<meta name=\"twitter:data1\" content=\"5 minutos\" \/>\n<script type=\"application\/ld+json\" class=\"yoast-schema-graph\">{\"@context\":\"https:\/\/schema.org\",\"@graph\":[{\"@type\":\"WebPage\",\"@id\":\"https:\/\/grupoinsur.com\/blog\/noticias\/como-crear-un-jardin-vertical-en-tu-terraza\/\",\"url\":\"https:\/\/grupoinsur.com\/blog\/noticias\/como-crear-un-jardin-vertical-en-tu-terraza\/\",\"name\":\"C\u00f3mo crear un jard\u00edn vertical en tu terraza - Grupo Insur Blog\",\"isPartOf\":{\"@id\":\"https:\/\/grupoinsur.com\/blog\/#website\"},\"primaryImageOfPage\":{\"@id\":\"https:\/\/grupoinsur.com\/blog\/noticias\/como-crear-un-jardin-vertical-en-tu-terraza\/#primaryimage\"},\"image\":{\"@id\":\"https:\/\/grupoinsur.com\/blog\/noticias\/como-crear-un-jardin-vertical-en-tu-terraza\/#primaryimage\"},\"thumbnailUrl\":\"https:\/\/grupoinsur.com\/blog\/wp-content\/uploads\/2026\/04\/close-up-view-of-beautiful-green-potted-plants-on-2026-01-06-00-30-32-utc.jpg\",\"datePublished\":\"2026-04-29T07:53:13+00:00\",\"dateModified\":\"2026-04-29T15:40:57+00:00\",\"description\":\"C\u00f3mo crear un jard\u00edn vertical en tu terraza: qu\u00e9 necesitas, qu\u00e9 plantas elegir y c\u00f3mo integrarlo para aprovechar mejor tu espacio exterior.\",\"breadcrumb\":{\"@id\":\"https:\/\/grupoinsur.com\/blog\/noticias\/como-crear-un-jardin-vertical-en-tu-terraza\/#breadcrumb\"},\"inLanguage\":\"es\",\"potentialAction\":[{\"@type\":\"ReadAction\",\"target\":[\"https:\/\/grupoinsur.com\/blog\/noticias\/como-crear-un-jardin-vertical-en-tu-terraza\/\"]}]},{\"@type\":\"ImageObject\",\"inLanguage\":\"es\",\"@id\":\"https:\/\/grupoinsur.com\/blog\/noticias\/como-crear-un-jardin-vertical-en-tu-terraza\/#primaryimage\",\"url\":\"https:\/\/grupoinsur.com\/blog\/wp-content\/uploads\/2026\/04\/close-up-view-of-beautiful-green-potted-plants-on-2026-01-06-00-30-32-utc.jpg\",\"contentUrl\":\"https:\/\/grupoinsur.com\/blog\/wp-content\/uploads\/2026\/04\/close-up-view-of-beautiful-green-potted-plants-on-2026-01-06-00-30-32-utc.jpg\",\"width\":1080,\"height\":720,\"caption\":\"jardin vertical\"},{\"@type\":\"BreadcrumbList\",\"@id\":\"https:\/\/grupoinsur.com\/blog\/noticias\/como-crear-un-jardin-vertical-en-tu-terraza\/#breadcrumb\",\"itemListElement\":[{\"@type\":\"ListItem\",\"position\":1,\"name\":\"Portada\",\"item\":\"https:\/\/grupoinsur.com\/blog\/\"},{\"@type\":\"ListItem\",\"position\":2,\"name\":\"Noticias\",\"item\":\"https:\/\/grupoinsur.com\/blog\/noticias\/\"},{\"@type\":\"ListItem\",\"position\":3,\"name\":\"C\u00f3mo crear un jard\u00edn vertical en tu terraza\"}]},{\"@type\":\"WebSite\",\"@id\":\"https:\/\/grupoinsur.com\/blog\/#website\",\"url\":\"https:\/\/grupoinsur.com\/blog\/\",\"name\":\"Grupo Insur Blog\",\"description\":\"\",\"publisher\":{\"@id\":\"https:\/\/grupoinsur.com\/blog\/#organization\"},\"potentialAction\":[{\"@type\":\"SearchAction\",\"target\":{\"@type\":\"EntryPoint\",\"urlTemplate\":\"https:\/\/grupoinsur.com\/blog\/?s={search_term_string}\"},\"query-input\":{\"@type\":\"PropertyValueSpecification\",\"valueRequired\":true,\"valueName\":\"search_term_string\"}}],\"inLanguage\":\"es\"},{\"@type\":\"Organization\",\"@id\":\"https:\/\/grupoinsur.com\/blog\/#organization\",\"name\":\"Grupo Insur Blog\",\"url\":\"https:\/\/grupoinsur.com\/blog\/\",\"logo\":{\"@type\":\"ImageObject\",\"inLanguage\":\"es\",\"@id\":\"https:\/\/grupoinsur.com\/blog\/#\/schema\/logo\/image\/\",\"url\":\"https:\/\/grupoinsur.com\/blog\/wp-content\/uploads\/2025\/03\/logo-insur.svg\",\"contentUrl\":\"https:\/\/grupoinsur.com\/blog\/wp-content\/uploads\/2025\/03\/logo-insur.svg\",\"width\":476,\"height\":187,\"caption\":\"Grupo Insur Blog\"},\"image\":{\"@id\":\"https:\/\/grupoinsur.com\/blog\/#\/schema\/logo\/image\/\"}}]}<\/script>\n<!-- \/ Yoast SEO plugin. -->","yoast_head_json":{"title":"C\u00f3mo crear un jard\u00edn vertical en tu terraza - Grupo Insur Blog","description":"C\u00f3mo crear un jard\u00edn vertical en tu terraza: qu\u00e9 necesitas, qu\u00e9 plantas elegir y c\u00f3mo integrarlo para aprovechar mejor tu espacio exterior.","robots":{"index":"index","follow":"follow","max-snippet":"max-snippet:-1","max-image-preview":"max-image-preview:large","max-video-preview":"max-video-preview:-1"},"canonical":"https:\/\/grupoinsur.com\/blog\/noticias\/como-crear-un-jardin-vertical-en-tu-terraza\/","og_locale":"es_ES","og_type":"article","og_title":"C\u00f3mo crear un jard\u00edn vertical en tu terraza - Grupo Insur Blog","og_description":"C\u00f3mo crear un jard\u00edn vertical en tu terraza: qu\u00e9 necesitas, qu\u00e9 plantas elegir y c\u00f3mo integrarlo para aprovechar mejor tu espacio exterior.","og_url":"https:\/\/grupoinsur.com\/blog\/noticias\/como-crear-un-jardin-vertical-en-tu-terraza\/","og_site_name":"Grupo Insur Blog","article_modified_time":"2026-04-29T15:40:57+00:00","og_image":[{"width":1080,"height":720,"url":"https:\/\/grupoinsur.com\/blog\/wp-content\/uploads\/2026\/04\/close-up-view-of-beautiful-green-potted-plants-on-2026-01-06-00-30-32-utc.jpg","type":"image\/jpeg"}],"twitter_card":"summary_large_image","twitter_misc":{"Tiempo de lectura":"5 minutos"},"schema":{"@context":"https:\/\/schema.org","@graph":[{"@type":"WebPage","@id":"https:\/\/grupoinsur.com\/blog\/noticias\/como-crear-un-jardin-vertical-en-tu-terraza\/","url":"https:\/\/grupoinsur.com\/blog\/noticias\/como-crear-un-jardin-vertical-en-tu-terraza\/","name":"C\u00f3mo crear un jard\u00edn vertical en tu terraza - Grupo Insur Blog","isPartOf":{"@id":"https:\/\/grupoinsur.com\/blog\/#website"},"primaryImageOfPage":{"@id":"https:\/\/grupoinsur.com\/blog\/noticias\/como-crear-un-jardin-vertical-en-tu-terraza\/#primaryimage"},"image":{"@id":"https:\/\/grupoinsur.com\/blog\/noticias\/como-crear-un-jardin-vertical-en-tu-terraza\/#primaryimage"},"thumbnailUrl":"https:\/\/grupoinsur.com\/blog\/wp-content\/uploads\/2026\/04\/close-up-view-of-beautiful-green-potted-plants-on-2026-01-06-00-30-32-utc.jpg","datePublished":"2026-04-29T07:53:13+00:00","dateModified":"2026-04-29T15:40:57+00:00","description":"C\u00f3mo crear un jard\u00edn vertical en tu terraza: qu\u00e9 necesitas, qu\u00e9 plantas elegir y c\u00f3mo integrarlo para aprovechar mejor tu espacio exterior.","breadcrumb":{"@id":"https:\/\/grupoinsur.com\/blog\/noticias\/como-crear-un-jardin-vertical-en-tu-terraza\/#breadcrumb"},"inLanguage":"es","potentialAction":[{"@type":"ReadAction","target":["https:\/\/grupoinsur.com\/blog\/noticias\/como-crear-un-jardin-vertical-en-tu-terraza\/"]}]},{"@type":"ImageObject","inLanguage":"es","@id":"https:\/\/grupoinsur.com\/blog\/noticias\/como-crear-un-jardin-vertical-en-tu-terraza\/#primaryimage","url":"https:\/\/grupoinsur.com\/blog\/wp-content\/uploads\/2026\/04\/close-up-view-of-beautiful-green-potted-plants-on-2026-01-06-00-30-32-utc.jpg","contentUrl":"https:\/\/grupoinsur.com\/blog\/wp-content\/uploads\/2026\/04\/close-up-view-of-beautiful-green-potted-plants-on-2026-01-06-00-30-32-utc.jpg","width":1080,"height":720,"caption":"jardin vertical"},{"@type":"BreadcrumbList","@id":"https:\/\/grupoinsur.com\/blog\/noticias\/como-crear-un-jardin-vertical-en-tu-terraza\/#breadcrumb","itemListElement":[{"@type":"ListItem","position":1,"name":"Portada","item":"https:\/\/grupoinsur.com\/blog\/"},{"@type":"ListItem","position":2,"name":"Noticias","item":"https:\/\/grupoinsur.com\/blog\/noticias\/"},{"@type":"ListItem","position":3,"name":"C\u00f3mo crear un jard\u00edn vertical en tu terraza"}]},{"@type":"WebSite","@id":"https:\/\/grupoinsur.com\/blog\/#website","url":"https:\/\/grupoinsur.com\/blog\/","name":"Grupo Insur Blog","description":"","publisher":{"@id":"https:\/\/grupoinsur.com\/blog\/#organization"},"potentialAction":[{"@type":"SearchAction","target":{"@type":"EntryPoint","urlTemplate":"https:\/\/grupoinsur.com\/blog\/?s={search_term_string}"},"query-input":{"@type":"PropertyValueSpecification","valueRequired":true,"valueName":"search_term_string"}}],"inLanguage":"es"},{"@type":"Organization","@id":"https:\/\/grupoinsur.com\/blog\/#organization","name":"Grupo Insur Blog","url":"https:\/\/grupoinsur.com\/blog\/","logo":{"@type":"ImageObject","inLanguage":"es","@id":"https:\/\/grupoinsur.com\/blog\/#\/schema\/logo\/image\/","url":"https:\/\/grupoinsur.com\/blog\/wp-content\/uploads\/2025\/03\/logo-insur.svg","contentUrl":"https:\/\/grupoinsur.com\/blog\/wp-content\/uploads\/2025\/03\/logo-insur.svg","width":476,"height":187,"caption":"Grupo Insur Blog"},"image":{"@id":"https:\/\/grupoinsur.com\/blog\/#\/schema\/logo\/image\/"}}]}},"_links":{"self":[{"href":"https:\/\/grupoinsur.com\/blog\/wp-json\/wp\/v2\/noticias\/2686","targetHints":{"allow":["GET"]}}],"collection":[{"href":"https:\/\/grupoinsur.com\/blog\/wp-json\/wp\/v2\/noticias"}],"about":[{"href":"https:\/\/grupoinsur.com\/blog\/wp-json\/wp\/v2\/types\/noticias"}],"wp:featuredmedia":[{"embeddable":true,"href":"https:\/\/grupoinsur.com\/blog\/wp-json\/wp\/v2\/media\/2687"}],"wp:attachment":[{"href":"https:\/\/grupoinsur.com\/blog\/wp-json\/wp\/v2\/media?parent=2686"}],"wp:term":[{"taxonomy":"etiquetas-noticias","embeddable":true,"href":"https:\/\/grupoinsur.com\/blog\/wp-json\/wp\/v2\/etiquetas-noticias?post=2686"},{"taxonomy":"categorias-noticias","embeddable":true,"href":"https:\/\/grupoinsur.com\/blog\/wp-json\/wp\/v2\/categorias-noticias?post=2686"}],"curies":[{"name":"wp","href":"https:\/\/api.w.org\/{rel}","templated":true}]}}